{"id":1490,"date":"2023-07-16T22:23:22","date_gmt":"2023-07-16T20:23:22","guid":{"rendered":"https:\/\/www.resisteraujourdhui.fr\/?p=1490"},"modified":"2024-01-25T22:42:23","modified_gmt":"2024-01-25T21:42:23","slug":"16-juillet-au-camp-des-milles","status":"publish","type":"post","link":"https:\/\/www.resisteraujourdhui.fr\/?p=1490","title":{"rendered":"16 juillet au Camp des Milles :"},"content":{"rendered":"\n<p>A l&rsquo;occasion de la Journ\u00e9e nationale \u00e0 la m\u00e9moire des victimes des crimes racistes et antis\u00e9mites de l\u2019\u00c9tat fran\u00e7ais et en hommage aux Justes de France, R\u00e9sister Aujourd&rsquo;hui a d\u00e9pos\u00e9 une gerbe.<\/p>\n\n\n\n<p><\/p>\n","protected":false},"excerpt":{"rendered":"<p>A l&rsquo;occasion de la Journ\u00e9e nationale \u00e0 la m\u00e9moire des victimes des crimes racistes et antis\u00e9mites de l\u2019\u00c9tat fran\u00e7ais et en hommage aux Justes de France, R\u00e9sister Aujourd&rsquo;hui a d\u00e9pos\u00e9 une gerbe.<\/p>\n","protected":false},"author":1,"featured_media":1611,"comment_status":"open","ping_status":"open","sticky":false,"template":"","format":"standard","meta":{"_jetpack_memberships_contains_paid_content":false,"footnotes":"","jetpack_publicize_message":"","jetpack_publicize_feature_enabled":true,"jetpack_social_post_already_shared":true,"jetpack_social_options":{"image_generator_settings":{"template":"highway","default_image_id":0,"font":"","enabled":false},"version":2}},"categories":[2],"tags":[6],"class_list":["post-1490","post","type-post","status-publish","format-standard","has-post-thumbnail","hentry","category-action","tag-en-avant"],"jetpack_publicize_connections":[],"jetpack_featured_media_url":"https:\/\/www.resisteraujourdhui.fr\/wp-content\/uploads\/2024\/01\/Capture-La-Marseillaise-photo-20230716-Camp-des-Milles.jpg","jetpack_sharing_enabled":true,"amp_enabled":true,"_links":{"self":[{"href":"https:\/\/www.resisteraujourdhui.fr\/index.php?rest_route=\/wp\/v2\/posts\/1490","targetHints":{"allow":["GET"]}}],"collection":[{"href":"https:\/\/www.resisteraujourdhui.fr\/index.php?rest_route=\/wp\/v2\/posts"}],"about":[{"href":"https:\/\/www.resisteraujourdhui.fr\/index.php?rest_route=\/wp\/v2\/types\/post"}],"author":[{"embeddable":true,"href":"https:\/\/www.resisteraujourdhui.fr\/index.php?rest_route=\/wp\/v2\/users\/1"}],"replies":[{"embeddable":true,"href":"https:\/\/www.resisteraujourdhui.fr\/index.php?rest_route=%2Fwp%2Fv2%2Fcomments&post=1490"}],"version-history":[{"count":5,"href":"https:\/\/www.resisteraujourdhui.fr\/index.php?rest_route=\/wp\/v2\/posts\/1490\/revisions"}],"predecessor-version":[{"id":1614,"href":"https:\/\/www.resisteraujourdhui.fr\/index.php?rest_route=\/wp\/v2\/posts\/1490\/revisions\/1614"}],"wp:featuredmedia":[{"embeddable":true,"href":"https:\/\/www.resisteraujourdhui.fr\/index.php?rest_route=\/wp\/v2\/media\/1611"}],"wp:attachment":[{"href":"https:\/\/www.resisteraujourdhui.fr\/index.php?rest_route=%2Fwp%2Fv2%2Fmedia&parent=1490"}],"wp:term":[{"taxonomy":"category","embeddable":true,"href":"https:\/\/www.resisteraujourdhui.fr\/index.php?rest_route=%2Fwp%2Fv2%2Fcategories&post=1490"},{"taxonomy":"post_tag","embeddable":true,"href":"https:\/\/www.resisteraujourdhui.fr\/index.php?rest_route=%2Fwp%2Fv2%2Ftags&post=1490"}],"curies":[{"name":"wp","href":"https:\/\/api.w.org\/{rel}","templated":true}]}}